{"id":424,"date":"2016-08-31T11:11:40","date_gmt":"2016-08-31T11:11:40","guid":{"rendered":"http:\/\/www.betelu.eus\/?p=424"},"modified":"2023-11-04T16:17:00","modified_gmt":"2023-11-04T15:17:00","slug":"castellano-sl-na120-encinar-de-betelu","status":"publish","type":"post","link":"http:\/\/www.betelu.eus\/es\/castellano-sl-na120-encinar-de-betelu\/","title":{"rendered":"SL-NA120 Encinar de Betelu"},"content":{"rendered":"<p><\/p>\n<p class=\"navigation Estilo3 Estilo23\" style=\"color: #000000\"><strong>Ruta corta pero con un desnivel muy importante que se afronta en la primera parte de la excursi\u00f3n (tenerlo en cuenta a la hora de ir con ni\u00f1os muy peque\u00f1os). Desde Betelu sube a las entra\u00f1as de este encinar, l\u00edmite con el E.N. de Zigadia-Beroeta, lo rodea, para bajar de nuevo por el mismo camino.<\/strong><\/p>\n<p class=\"todaysartText Estilo24\" style=\"color: #000000\">En esta corta excursi\u00f3n hay que destacar dos cosas: la primera que los mapas de gps m\u00e1s extendidos, como Topo Espa\u00f1a v3 y v4, que incluyen este sendero local, tienen equivocada la mitad del recorrido ya que en vez de subir a la cota de la monte Elosta y bajar por el encinar, rodean el monte unos 200 m m\u00e1s al sur, obviando la importante ca\u00edda en cortado que hay hacia el Enclave Natural de Zigadia-Beroeta. La segunda cosa que hay que destacar es repetir que a pesar de su corta longitud presenta un importante desnivel que puede desanimar a m\u00e1s de un peque\u00f1o. (..)<\/p>\n<p class=\"todaysartText Estilo24\" style=\"color: #000000\"><strong><a href=\"http:\/\/www.misescapadaspornavarra.com\/171-sl-na120-encinar-de-betelu-zigari-beroate-pr-na120-valle-araitz-ariztitxo.html\">Leer ficha completa y track GPS en Misescapadaspornavarra.com<\/a><\/strong><\/p>\n<p><\/p>","protected":false},"excerpt":{"rendered":"<p>Ruta corta pero con un desnivel muy importante que se afronta en la primera parte de la excursi\u00f3n (tenerlo en cuenta a la hora de ir con ni\u00f1os muy peque\u00f1os). Desde Betelu sube a las entra\u00f1as de este encinar, l\u00edmite&hellip; <\/p>\n","protected":false},"author":10586,"featured_media":0,"comment_status":"closed","ping_status":"closed","sticky":false,"template":"","format":"standard","meta":{"_monsterinsights_skip_tracking":false,"_monsterinsights_sitenote_active":false,"_monsterinsights_sitenote_note":"","_monsterinsights_sitenote_category":0,"footnotes":""},"categories":[10],"tags":[],"class_list":["post-424","post","type-post","status-publish","format-standard","hentry","category-turismoa"],"yoast_head":"<!-- This site is optimized with the Yoast SEO plugin v26.8 - https:\/\/yoast.com\/product\/yoast-seo-wordpress\/ -->\r\n<title>SL-NA120 Encinar de Betelu - Ayuntamiento de BETELU<\/title>\r\n<meta name=\"robots\" content=\"index, follow, max-snippet:-1, max-image-preview:large, max-video-preview:-1\" \/>\r\n<link rel=\"canonical\" href=\"http:\/\/www.betelu.eus\/castellano-sl-na120-encinar-de-betelu\/\" \/>\r\n<meta property=\"og:locale\" content=\"es_ES\" \/>\r\n<meta property=\"og:type\" content=\"article\" \/>\r\n<meta property=\"og:title\" content=\"[:es]SL-NA120 Encinar de Betelu[:] - Ayuntamiento de BETELU\" \/>\r\n<meta property=\"og:description\" content=\"Ruta corta pero con un desnivel muy importante que se afronta en la primera parte de la excursi\u00f3n (tenerlo en cuenta a la hora de ir con ni\u00f1os muy peque\u00f1os). Desde Betelu sube a las entra\u00f1as de este encinar, l\u00edmite&hellip;\" \/>\r\n<meta property=\"og:url\" content=\"http:\/\/www.betelu.eus\/castellano-sl-na120-encinar-de-betelu\/\" \/>\r\n<meta property=\"og:site_name\" content=\"Ayuntamiento de BETELU\" \/>\r\n<meta property=\"article:published_time\" content=\"2016-08-31T11:11:40+00:00\" \/>\r\n<meta property=\"article:modified_time\" content=\"2023-11-04T15:17:00+00:00\" \/>\r\n<meta name=\"author\" content=\"animplantacion\" \/>\r\n<meta name=\"twitter:card\" content=\"summary_large_image\" \/>\r\n<meta name=\"twitter:label1\" content=\"Escrito por\" \/>\n\t<meta name=\"twitter:data1\" content=\"animplantacion\" \/>\n\t<meta name=\"twitter:label2\" content=\"Tiempo de lectura\" \/>\n\t<meta name=\"twitter:data2\" content=\"1 minuto\" \/>\r\n<script type=\"application\/ld+json\" class=\"yoast-schema-graph\">{\"@context\":\"https:\/\/schema.org\",\"@graph\":[{\"@type\":\"Article\",\"@id\":\"http:\/\/www.betelu.eus\/castellano-sl-na120-encinar-de-betelu\/#article\",\"isPartOf\":{\"@id\":\"http:\/\/www.betelu.eus\/castellano-sl-na120-encinar-de-betelu\/\"},\"author\":{\"name\":\"animplantacion\",\"@id\":\"http:\/\/www.betelu.eus\/#\/schema\/person\/604878c3a3d4fe9b68ee820c4dce7966\"},\"headline\":\"SL-NA120 Encinar de Betelu\",\"datePublished\":\"2016-08-31T11:11:40+00:00\",\"dateModified\":\"2023-11-04T15:17:00+00:00\",\"mainEntityOfPage\":{\"@id\":\"http:\/\/www.betelu.eus\/castellano-sl-na120-encinar-de-betelu\/\"},\"wordCount\":186,\"articleSection\":[\"Turismoa\"],\"inLanguage\":\"es\"},{\"@type\":\"WebPage\",\"@id\":\"http:\/\/www.betelu.eus\/castellano-sl-na120-encinar-de-betelu\/\",\"url\":\"http:\/\/www.betelu.eus\/castellano-sl-na120-encinar-de-betelu\/\",\"name\":\"[:es]SL-NA120 Encinar de Betelu[:] - Ayuntamiento de BETELU\",\"isPartOf\":{\"@id\":\"http:\/\/www.betelu.eus\/#website\"},\"datePublished\":\"2016-08-31T11:11:40+00:00\",\"dateModified\":\"2023-11-04T15:17:00+00:00\",\"author\":{\"@id\":\"http:\/\/www.betelu.eus\/#\/schema\/person\/604878c3a3d4fe9b68ee820c4dce7966\"},\"breadcrumb\":{\"@id\":\"http:\/\/www.betelu.eus\/castellano-sl-na120-encinar-de-betelu\/#breadcrumb\"},\"inLanguage\":\"es\",\"potentialAction\":[{\"@type\":\"ReadAction\",\"target\":[\"http:\/\/www.betelu.eus\/castellano-sl-na120-encinar-de-betelu\/\"]}]},{\"@type\":\"BreadcrumbList\",\"@id\":\"http:\/\/www.betelu.eus\/castellano-sl-na120-encinar-de-betelu\/#breadcrumb\",\"itemListElement\":[{\"@type\":\"ListItem\",\"position\":1,\"name\":\"Portada\",\"item\":\"http:\/\/www.betelu.eus\/\"},{\"@type\":\"ListItem\",\"position\":2,\"name\":\"SL-NA120 Encinar de Betelu\"}]},{\"@type\":\"WebSite\",\"@id\":\"http:\/\/www.betelu.eus\/#website\",\"url\":\"http:\/\/www.betelu.eus\/\",\"name\":\"Ayuntamiento de BETELU\",\"description\":\"Web del Ayuntamiento de BETELU\",\"potentialAction\":[{\"@type\":\"SearchAction\",\"target\":{\"@type\":\"EntryPoint\",\"urlTemplate\":\"http:\/\/www.betelu.eus\/?s={search_term_string}\"},\"query-input\":{\"@type\":\"PropertyValueSpecification\",\"valueRequired\":true,\"valueName\":\"search_term_string\"}}],\"inLanguage\":\"es\"},{\"@type\":\"Person\",\"@id\":\"http:\/\/www.betelu.eus\/#\/schema\/person\/604878c3a3d4fe9b68ee820c4dce7966\",\"name\":\"animplantacion\",\"image\":{\"@type\":\"ImageObject\",\"inLanguage\":\"es\",\"@id\":\"http:\/\/www.betelu.eus\/#\/schema\/person\/image\/\",\"url\":\"https:\/\/secure.gravatar.com\/avatar\/0b1338f5c65b9724483d1c69943431fa3a44c56f1400ec111e1804f8777f07a8?s=96&d=mm&r=g\",\"contentUrl\":\"https:\/\/secure.gravatar.com\/avatar\/0b1338f5c65b9724483d1c69943431fa3a44c56f1400ec111e1804f8777f07a8?s=96&d=mm&r=g\",\"caption\":\"animplantacion\"},\"url\":\"http:\/\/www.betelu.eus\/es\/author\/animplantacion\/\"}]}<\/script>\r\n<!-- \/ Yoast SEO plugin. -->","yoast_head_json":{"title":"[:es]SL-NA120 Encinar de Betelu[:] - Ayuntamiento de BETELU","robots":{"index":"index","follow":"follow","max-snippet":"max-snippet:-1","max-image-preview":"max-image-preview:large","max-video-preview":"max-video-preview:-1"},"canonical":"http:\/\/www.betelu.eus\/castellano-sl-na120-encinar-de-betelu\/","og_locale":"es_ES","og_type":"article","og_title":"[:es]SL-NA120 Encinar de Betelu[:] - Ayuntamiento de BETELU","og_description":"Ruta corta pero con un desnivel muy importante que se afronta en la primera parte de la excursi\u00f3n (tenerlo en cuenta a la hora de ir con ni\u00f1os muy peque\u00f1os). Desde Betelu sube a las entra\u00f1as de este encinar, l\u00edmite&hellip;","og_url":"http:\/\/www.betelu.eus\/castellano-sl-na120-encinar-de-betelu\/","og_site_name":"Ayuntamiento de BETELU","article_published_time":"2016-08-31T11:11:40+00:00","article_modified_time":"2023-11-04T15:17:00+00:00","author":"animplantacion","twitter_card":"summary_large_image","twitter_misc":{"Escrito por":"animplantacion","Tiempo de lectura":"1 minuto"},"schema":{"@context":"https:\/\/schema.org","@graph":[{"@type":"Article","@id":"http:\/\/www.betelu.eus\/castellano-sl-na120-encinar-de-betelu\/#article","isPartOf":{"@id":"http:\/\/www.betelu.eus\/castellano-sl-na120-encinar-de-betelu\/"},"author":{"name":"animplantacion","@id":"http:\/\/www.betelu.eus\/#\/schema\/person\/604878c3a3d4fe9b68ee820c4dce7966"},"headline":"SL-NA120 Encinar de Betelu","datePublished":"2016-08-31T11:11:40+00:00","dateModified":"2023-11-04T15:17:00+00:00","mainEntityOfPage":{"@id":"http:\/\/www.betelu.eus\/castellano-sl-na120-encinar-de-betelu\/"},"wordCount":186,"articleSection":["Turismoa"],"inLanguage":"es"},{"@type":"WebPage","@id":"http:\/\/www.betelu.eus\/castellano-sl-na120-encinar-de-betelu\/","url":"http:\/\/www.betelu.eus\/castellano-sl-na120-encinar-de-betelu\/","name":"[:es]SL-NA120 Encinar de Betelu[:] - Ayuntamiento de BETELU","isPartOf":{"@id":"http:\/\/www.betelu.eus\/#website"},"datePublished":"2016-08-31T11:11:40+00:00","dateModified":"2023-11-04T15:17:00+00:00","author":{"@id":"http:\/\/www.betelu.eus\/#\/schema\/person\/604878c3a3d4fe9b68ee820c4dce7966"},"breadcrumb":{"@id":"http:\/\/www.betelu.eus\/castellano-sl-na120-encinar-de-betelu\/#breadcrumb"},"inLanguage":"es","potentialAction":[{"@type":"ReadAction","target":["http:\/\/www.betelu.eus\/castellano-sl-na120-encinar-de-betelu\/"]}]},{"@type":"BreadcrumbList","@id":"http:\/\/www.betelu.eus\/castellano-sl-na120-encinar-de-betelu\/#breadcrumb","itemListElement":[{"@type":"ListItem","position":1,"name":"Portada","item":"http:\/\/www.betelu.eus\/"},{"@type":"ListItem","position":2,"name":"SL-NA120 Encinar de Betelu"}]},{"@type":"WebSite","@id":"http:\/\/www.betelu.eus\/#website","url":"http:\/\/www.betelu.eus\/","name":"Ayuntamiento de BETELU","description":"Web del Ayuntamiento de BETELU","potentialAction":[{"@type":"SearchAction","target":{"@type":"EntryPoint","urlTemplate":"http:\/\/www.betelu.eus\/?s={search_term_string}"},"query-input":{"@type":"PropertyValueSpecification","valueRequired":true,"valueName":"search_term_string"}}],"inLanguage":"es"},{"@type":"Person","@id":"http:\/\/www.betelu.eus\/#\/schema\/person\/604878c3a3d4fe9b68ee820c4dce7966","name":"animplantacion","image":{"@type":"ImageObject","inLanguage":"es","@id":"http:\/\/www.betelu.eus\/#\/schema\/person\/image\/","url":"https:\/\/secure.gravatar.com\/avatar\/0b1338f5c65b9724483d1c69943431fa3a44c56f1400ec111e1804f8777f07a8?s=96&d=mm&r=g","contentUrl":"https:\/\/secure.gravatar.com\/avatar\/0b1338f5c65b9724483d1c69943431fa3a44c56f1400ec111e1804f8777f07a8?s=96&d=mm&r=g","caption":"animplantacion"},"url":"http:\/\/www.betelu.eus\/es\/author\/animplantacion\/"}]}},"_links":{"self":[{"href":"http:\/\/www.betelu.eus\/es\/wp-json\/wp\/v2\/posts\/424","targetHints":{"allow":["GET"]}}],"collection":[{"href":"http:\/\/www.betelu.eus\/es\/wp-json\/wp\/v2\/posts"}],"about":[{"href":"http:\/\/www.betelu.eus\/es\/wp-json\/wp\/v2\/types\/post"}],"author":[{"embeddable":true,"href":"http:\/\/www.betelu.eus\/es\/wp-json\/wp\/v2\/users\/10586"}],"replies":[{"embeddable":true,"href":"http:\/\/www.betelu.eus\/es\/wp-json\/wp\/v2\/comments?post=424"}],"version-history":[{"count":1,"href":"http:\/\/www.betelu.eus\/es\/wp-json\/wp\/v2\/posts\/424\/revisions"}],"predecessor-version":[{"id":8204,"href":"http:\/\/www.betelu.eus\/es\/wp-json\/wp\/v2\/posts\/424\/revisions\/8204"}],"wp:attachment":[{"href":"http:\/\/www.betelu.eus\/es\/wp-json\/wp\/v2\/media?parent=424"}],"wp:term":[{"taxonomy":"category","embeddable":true,"href":"http:\/\/www.betelu.eus\/es\/wp-json\/wp\/v2\/categories?post=424"},{"taxonomy":"post_tag","embeddable":true,"href":"http:\/\/www.betelu.eus\/es\/wp-json\/wp\/v2\/tags?post=424"}],"curies":[{"name":"wp","href":"https:\/\/api.w.org\/{rel}","templated":true}]}}